{"id":3247,"date":"2024-09-12T14:27:40","date_gmt":"2024-09-12T10:27:40","guid":{"rendered":"https:\/\/masa.govmu.org\/masa\/?p=3247"},"modified":"2024-09-12T14:35:52","modified_gmt":"2024-09-12T10:35:52","slug":"a-short-introduction-in-kreol-on-collective-management-of-copyright","status":"publish","type":"post","link":"https:\/\/masa.govmu.org\/masa\/?p=3247","title":{"rendered":"A short introduction in Kreol on collective management of copyright"},"content":{"rendered":"\t\t<div data-elementor-type=\"wp-post\" data-elementor-id=\"3247\" class=\"elementor elementor-3247\">\n\t\t\t\t\t\t<section class=\"elementor-section elementor-top-section elementor-element elementor-element-6ff2acc elementor-section-boxed elementor-section-height-default elementor-section-height-default\" data-id=\"6ff2acc\" data-element_type=\"section\" data-e-type=\"section\">\n\t\t\t\t\t\t<div class=\"elementor-container elementor-column-gap-default\">\n\t\t\t\t\t<div class=\"elementor-column elementor-col-100 elementor-top-column elementor-element elementor-element-80243fe\" data-id=\"80243fe\" data-element_type=\"column\" data-e-type=\"column\">\n\t\t\t<div class=\"elementor-widget-wrap elementor-element-populated\">\n\t\t\t\t\t\t<div class=\"elementor-element elementor-element-3e823ea elementor-widget elementor-widget-image\" data-id=\"3e823ea\" data-element_type=\"widget\" data-e-type=\"widget\" data-widget_type=\"image.default\">\n\t\t\t\t<div class=\"elementor-widget-container\">\n\t\t\t\t\t\t\t\t\t\t\t\t\t\t\t<img fetchpriority=\"high\" decoding=\"async\" width=\"1102\" height=\"1721\" src=\"https:\/\/masa.govmu.org\/masa\/wp-content\/uploads\/2024\/09\/Panfle-an-Kreol.jpg\" class=\"attachment-full size-full wp-image-3253\" alt=\"\" srcset=\"https:\/\/masa.govmu.org\/masa\/wp-content\/uploads\/2024\/09\/Panfle-an-Kreol.jpg 1102w, https:\/\/masa.govmu.org\/masa\/wp-content\/uploads\/2024\/09\/Panfle-an-Kreol-192x300.jpg 192w, https:\/\/masa.govmu.org\/masa\/wp-content\/uploads\/2024\/09\/Panfle-an-Kreol-656x1024.jpg 656w, https:\/\/masa.govmu.org\/masa\/wp-content\/uploads\/2024\/09\/Panfle-an-Kreol-768x1199.jpg 768w, https:\/\/masa.govmu.org\/masa\/wp-content\/uploads\/2024\/09\/Panfle-an-Kreol-984x1536.jpg 984w\" sizes=\"(max-width: 1102px) 100vw, 1102px\" \/>\t\t\t\t\t\t\t\t\t\t\t\t\t\t\t<\/div>\n\t\t\t\t<\/div>\n\t\t\t\t\t<\/div>\n\t\t<\/div>\n\t\t\t\t\t<\/div>\n\t\t<\/section>\n\t\t\t\t<section class=\"elementor-section elementor-top-section elementor-element elementor-element-9341444 elementor-hidden-desktop elementor-hidden-tablet elementor-hidden-mobile elementor-section-boxed elementor-section-height-default elementor-section-height-default\" data-id=\"9341444\" data-element_type=\"section\" data-e-type=\"section\">\n\t\t\t\t\t\t<div class=\"elementor-container elementor-column-gap-default\">\n\t\t\t\t\t<div class=\"elementor-column elementor-col-100 elementor-top-column elementor-element elementor-element-e2af668\" data-id=\"e2af668\" data-element_type=\"column\" data-e-type=\"column\">\n\t\t\t<div class=\"elementor-widget-wrap elementor-element-populated\">\n\t\t\t\t\t\t<div class=\"elementor-element elementor-element-013d62e elementor-widget elementor-widget-text-editor\" data-id=\"013d62e\" data-element_type=\"widget\" data-e-type=\"widget\" data-widget_type=\"text-editor.default\">\n\t\t\t\t<div class=\"elementor-widget-container\">\n\t\t\t\t\t\t\t\t\t<p>Chers Soci\u00e9taires,<\/p><p>Les deux derni\u00e8res ann\u00e9es ont sans aucun doute \u00e9t\u00e9 une p\u00e9riode \u00e9prouvante pour notre ch\u00e8re communaut\u00e9 artistique. Les luttes auxquelles sont confront\u00e9s les artistes de tous horizons ont \u00e9t\u00e9 profond\u00e9ment ressenties, et nous reconnaissons la r\u00e9silience et le d\u00e9vouement dont vous avez fait preuve tout au long de cette p\u00e9riode.<\/p><p>\u00c0 l\u2019aube de 2024, il existe un sentiment collectif d\u2019optimisme quant au fait que la reprise progressive de la perception des redevances marquera le tournant vers des jours meilleurs \u00e0 venir.<\/p><p>Pour l\u2019avenir, je suis heureux de vous annoncer que l\u2019ann\u00e9e 2024 sera une ann\u00e9e de d\u00e9fis et de r\u00e9formes pour la MASA. Notre engagement pour le bien-\u00eatre et la r\u00e9ussite de nos soci\u00e9taires demeure in\u00e9branlable.<\/p><p>Nous comprenons les obstacles uniques auxquels chaque artiste est confront\u00e9, et nos efforts seront adapt\u00e9s pour relever ces d\u00e9fis et provoquer des transformations positives au sein de notre communaut\u00e9.<\/p><p>Rassurez-vous, chaque d\u00e9cision et r\u00e9forme mise en \u0153uvre sera guid\u00e9e par un principe primordial : le meilleur int\u00e9r\u00eat de nos soci\u00e9taires.<\/p><p>Dans l\u2019esprit de la nouvelle ann\u00e9e, unissons-nous et embarquons-nous ensemble pour ce voyage. Les d\u00e9fis s\u2019accompagnent d\u2019opportunit\u00e9s et je suis convaincu qu\u2019en tant que communaut\u00e9 unie, nous pouvons surmonter tous les obstacles qui pourraient surgir. En route pour une ann\u00e9e de r\u00e9silience, de croissance et de r\u00e9ussite collective.<\/p><p>Que 2024 vous apporte inspiration, succ\u00e8s et \u00e9panouissement dans tous vos efforts artistiques.<\/p><p>Au nom du conseil et du personnel, j\u2019adresse \u00e0 chacun d\u2019entre vous mes v\u0153ux les plus chaleureux pour une nouvelle ann\u00e9e joyeuse et prosp\u00e8re.<\/p><p>Musicalement,<\/p><p><strong>G\u00e9rard Louis,<\/strong> O.S.K<br \/><strong>Pr\u00e9sident du conseil d\u2019administration<\/strong><\/p>\t\t\t\t\t\t\t\t<\/div>\n\t\t\t\t<\/div>\n\t\t\t\t\t<\/div>\n\t\t<\/div>\n\t\t\t\t\t<\/div>\n\t\t<\/section>\n\t\t\t\t<section class=\"elementor-section elementor-top-section elementor-element elementor-element-7806ce0 elementor-section-boxed elementor-section-height-default elementor-section-height-default\" data-id=\"7806ce0\" data-element_type=\"section\" data-e-type=\"section\">\n\t\t\t\t\t\t<div class=\"elementor-container elementor-column-gap-default\">\n\t\t\t\t\t<div class=\"elementor-column elementor-col-100 elementor-top-column elementor-element elementor-element-eee54b8\" data-id=\"eee54b8\" data-element_type=\"column\" data-e-type=\"column\">\n\t\t\t<div class=\"elementor-widget-wrap elementor-element-populated\">\n\t\t\t\t\t\t<div class=\"elementor-element elementor-element-54982ce elementor-widget elementor-widget-spacer\" data-id=\"54982ce\" data-element_type=\"widget\" data-e-type=\"widget\" data-widget_type=\"spacer.default\">\n\t\t\t\t<div class=\"elementor-widget-container\">\n\t\t\t\t\t\t\t<div class=\"elementor-spacer\">\n\t\t\t<div class=\"elementor-spacer-inner\"><\/div>\n\t\t<\/div>\n\t\t\t\t\t\t<\/div>\n\t\t\t\t<\/div>\n\t\t\t\t\t<\/div>\n\t\t<\/div>\n\t\t\t\t\t<\/div>\n\t\t<\/section>\n\t\t\t\t<\/div>\n\t\t","protected":false},"excerpt":{"rendered":"<p>Chers Soci\u00e9taires, Les deux derni\u00e8res ann\u00e9es ont sans aucun doute \u00e9t\u00e9 une p\u00e9riode \u00e9prouvante pour notre ch\u00e8re communaut\u00e9 artistique. Les luttes auxquelles sont confront\u00e9s les artistes de tous horizons ont \u00e9t\u00e9 profond\u00e9ment ressenties, et nous reconnaissons la r\u00e9silience et le d\u00e9vouement dont vous avez fait preuve tout au long de cette p\u00e9riode. \u00c0 l\u2019aube de &hellip;<\/p>\n<p class=\"read-more\"> <a class=\"\" href=\"https:\/\/masa.govmu.org\/masa\/?p=3247\"> <span class=\"screen-reader-text\">A short introduction in Kreol on collective management of copyright<\/span> Read More &raquo;<\/a><\/p>\n","protected":false},"author":1,"featured_media":3084,"comment_status":"closed","ping_status":"closed","sticky":false,"template":"","format":"standard","meta":{"site-sidebar-layout":"default","site-content-layout":"default","ast-global-header-display":"","ast-banner-title-visibility":"","ast-main-header-display":"","ast-hfb-above-header-display":"","ast-hfb-below-header-display":"","ast-hfb-mobile-header-display":"","site-post-title":"","ast-breadcrumbs-content":"","ast-featured-img":"","footer-sml-layout":"","theme-transparent-header-meta":"","adv-header-id-meta":"","stick-header-meta":"","header-above-stick-meta":"","header-main-stick-meta":"","header-below-stick-meta":"","footnotes":""},"categories":[12],"tags":[],"class_list":["post-3247","post","type-post","status-publish","format-standard","has-post-thumbnail","hentry","category-communique"],"_links":{"self":[{"href":"https:\/\/masa.govmu.org\/masa\/index.php?rest_route=\/wp\/v2\/posts\/3247","targetHints":{"allow":["GET"]}}],"collection":[{"href":"https:\/\/masa.govmu.org\/masa\/index.php?rest_route=\/wp\/v2\/posts"}],"about":[{"href":"https:\/\/masa.govmu.org\/masa\/index.php?rest_route=\/wp\/v2\/types\/post"}],"author":[{"embeddable":true,"href":"https:\/\/masa.govmu.org\/masa\/index.php?rest_route=\/wp\/v2\/users\/1"}],"replies":[{"embeddable":true,"href":"https:\/\/masa.govmu.org\/masa\/index.php?rest_route=%2Fwp%2Fv2%2Fcomments&post=3247"}],"version-history":[{"count":10,"href":"https:\/\/masa.govmu.org\/masa\/index.php?rest_route=\/wp\/v2\/posts\/3247\/revisions"}],"predecessor-version":[{"id":3259,"href":"https:\/\/masa.govmu.org\/masa\/index.php?rest_route=\/wp\/v2\/posts\/3247\/revisions\/3259"}],"wp:featuredmedia":[{"embeddable":true,"href":"https:\/\/masa.govmu.org\/masa\/index.php?rest_route=\/wp\/v2\/media\/3084"}],"wp:attachment":[{"href":"https:\/\/masa.govmu.org\/masa\/index.php?rest_route=%2Fwp%2Fv2%2Fmedia&parent=3247"}],"wp:term":[{"taxonomy":"category","embeddable":true,"href":"https:\/\/masa.govmu.org\/masa\/index.php?rest_route=%2Fwp%2Fv2%2Fcategories&post=3247"},{"taxonomy":"post_tag","embeddable":true,"href":"https:\/\/masa.govmu.org\/masa\/index.php?rest_route=%2Fwp%2Fv2%2Ftags&post=3247"}],"curies":[{"name":"wp","href":"https:\/\/api.w.org\/{rel}","templated":true}]}}